{"id":2704,"date":"2026-04-20T13:20:16","date_gmt":"2026-04-20T11:20:16","guid":{"rendered":"http:\/\/rotweiss-erpel.de\/wordpress\/?p=2704"},"modified":"2026-04-20T13:20:16","modified_gmt":"2026-04-20T11:20:16","slug":"i-verliert-deutlich-bei-der-sg-ellingen-b-ii","status":"publish","type":"post","link":"http:\/\/rotweiss-erpel.de\/wordpress\/2026\/04\/20\/i-verliert-deutlich-bei-der-sg-ellingen-b-ii\/","title":{"rendered":"I. verliert deutlich bei der SG Ellingen\/B. II"},"content":{"rendered":"\n<p>Aufgrund der vielen Ausf\u00e4lle musste man mit einem Minikader nach Willroth fahren. Dank Timo M\u00fcllegan u. Christian Monschau konnte man wenigstens mit 12 Spielern antreten. Als sich N. Bl\u00e4tgen nach 10 Min. fr\u00fch verletzte, machte es die Sache nicht leichter, aber die Spieler die auf dem Platz standen, gaben von der Einsatz- u. Kampfbreitschaft alles und machten es dem eigentlich starken Gegner sehr schwer. So dauerte es bis zur 26. Min. als der FVE mit 0:1 in R\u00fcckstand geriet. Die Rot-Wei\u00dfen wehrten sich mit allem was sie hatten und konnten mit dem knappen R\u00fcckstand in die HZ gehen. Nach der HZ hatte F. Wester die Riesenchance nach Kopfballvorlage von P. L\u00f6ffler per Kopf den Ausgleich zu erzielen, aber aus 2m Entfernung ging der Ball \u00fcber das Tor. Die SG war die spielbestimmende Mannschaft und mit dem 2:0 (56.) war eine Vorentscheidung gefallen. Leider verletzte sich FVE-Torwart M. Jammel schwer, brach sich das Sprunggelenk und musste mit dem Krankenwagen abtransportiert werden. Er hatte bis dahin eine starke Leistung abgeliefert und leider konnte man jetzt nicht mehr wechseln. So musste Feldspieler D. Marculeti ins Tor und musste auch noch 5 Treffer hinnehmen. Man merkte den FVE-Spielern den Schock an und zeigten kaum noch Gegenwehr. Die schweren Verletzungen nehmen einfach kein Ende und er ist der 2. Torwart innerhalb von 4 Wochen, der sehr lange ausfallen wird. Es wird ganz schwer den Abstieg zu vermeiden. Man muss wirklich aufpassen, was man schreibt, da bei einigen Spielern die Einstellung und Zuverl\u00e4ssig zur Mannschaft und dem Verein sehr zu w\u00fcnschen \u00fcbrigl\u00e4sst.<\/p>\n","protected":false},"excerpt":{"rendered":"<p>Aufgrund der vielen Ausf\u00e4lle musste man mit einem Minikader nach Willroth fahren. Dank Timo M\u00fcllegan u. Christian Monschau konnte man wenigstens mit 12 Spielern antreten. Als sich N. Bl\u00e4tgen nach 10 Min. fr\u00fch verletzte, machte es die Sache nicht leichter, aber die Spieler die auf dem Platz standen, gaben von der Einsatz- u. Kampfbreitschaft alles &hellip; <\/p>\n<p class=\"link-more\"><a href=\"http:\/\/rotweiss-erpel.de\/wordpress\/2026\/04\/20\/i-verliert-deutlich-bei-der-sg-ellingen-b-ii\/\" class=\"more-link\"><span class=\"screen-reader-text\">\u201eI. verliert deutlich bei der SG Ellingen\/B. II\u201c<\/span> weiterlesen<\/a><\/p>\n","protected":false},"author":1,"featured_media":0,"comment_status":"closed","ping_status":"closed","sticky":false,"template":"","format":"standard","meta":{"footnotes":""},"categories":[1],"tags":[],"class_list":["post-2704","post","type-post","status-publish","format-standard","hentry","category-allgemein"],"_links":{"self":[{"href":"http:\/\/rotweiss-erpel.de\/wordpress\/wp-json\/wp\/v2\/posts\/2704","targetHints":{"allow":["GET"]}}],"collection":[{"href":"http:\/\/rotweiss-erpel.de\/wordpress\/wp-json\/wp\/v2\/posts"}],"about":[{"href":"http:\/\/rotweiss-erpel.de\/wordpress\/wp-json\/wp\/v2\/types\/post"}],"author":[{"embeddable":true,"href":"http:\/\/rotweiss-erpel.de\/wordpress\/wp-json\/wp\/v2\/users\/1"}],"replies":[{"embeddable":true,"href":"http:\/\/rotweiss-erpel.de\/wordpress\/wp-json\/wp\/v2\/comments?post=2704"}],"version-history":[{"count":1,"href":"http:\/\/rotweiss-erpel.de\/wordpress\/wp-json\/wp\/v2\/posts\/2704\/revisions"}],"predecessor-version":[{"id":2705,"href":"http:\/\/rotweiss-erpel.de\/wordpress\/wp-json\/wp\/v2\/posts\/2704\/revisions\/2705"}],"wp:attachment":[{"href":"http:\/\/rotweiss-erpel.de\/wordpress\/wp-json\/wp\/v2\/media?parent=2704"}],"wp:term":[{"taxonomy":"category","embeddable":true,"href":"http:\/\/rotweiss-erpel.de\/wordpress\/wp-json\/wp\/v2\/categories?post=2704"},{"taxonomy":"post_tag","embeddable":true,"href":"http:\/\/rotweiss-erpel.de\/wordpress\/wp-json\/wp\/v2\/tags?post=2704"}],"curies":[{"name":"wp","href":"https:\/\/api.w.org\/{rel}","templated":true}]}}