{"id":2708,"date":"2026-04-27T13:35:52","date_gmt":"2026-04-27T11:35:52","guid":{"rendered":"http:\/\/rotweiss-erpel.de\/wordpress\/?p=2708"},"modified":"2026-04-28T13:15:21","modified_gmt":"2026-04-28T11:15:21","slug":"i-spielt-33-unentschieden-gegen-den-vfb-linz-ii","status":"publish","type":"post","link":"http:\/\/rotweiss-erpel.de\/wordpress\/2026\/04\/27\/i-spielt-33-unentschieden-gegen-den-vfb-linz-ii\/","title":{"rendered":"I. spielt 3:3 Unentschieden gegen  den VfB Linz II"},"content":{"rendered":"\n<p>Nach den schweren letzten Wochen, konnte man gegen den Tabellenzweiten Linz II ein verdientes 3:3 (1:2) erk\u00e4mpfen. In der Anfangsphase waren die G\u00e4ste die spielbestimmende Mannschaft, aber man sah auch, dass die Rot-Wei\u00dfen, was den Kampf- u. Einsatzbereitschaft anging, nicht so leicht zu bezwingen waren. Eine langgezogene Flanke von einem VfB Spieler (21.), lenkte FVE-Torwart Felix Schumacher leider ins eigene Tor. Bitter, da man zu diesem Zeitpunkt den Anfangsdruck \u00fcberstanden hatte und langsam ins Spiel fand. Nach tollem Pass von Ege \u00d6zt\u00fcrk (27.) gelang Sameer Alfarhoud dann das 1:1. Als E. \u00d6zt\u00fcrk keine 5 Min. sp\u00e4ter den Pfosten traf, lag die F\u00fchrung in der Luft. Aus dem Gew\u00fchl heraus ging der VfB dann wieder in F\u00fchrung (36.) als der Ball durch Freund u. Feind ins lange Eck ging. Kurz vor der HZ gab der nicht immer sicher leitende SR eine gelb-rote Karte, nachdem der FVE-Spieler den Ball, trotz Abseitspfiff noch \u00fcber den Torwart schoss. Was f\u00fcr eine Entscheidung in diesem wichtigen Spiel. In der 2. HZ ging der VfB dann mit einem Fernschuss (62.) mit 3:1 in F\u00fchrung und das Spiel schien durch zu sein. Komischerweise wurden die G\u00e4ste dann immer m\u00fcder und schw\u00e4cher und der FV-Erpel in Unterzahl immer st\u00e4rker. Ein Heber von Michael Siebert, \u00fcber den zu weit vor dem Tor stehenden G\u00e4stetorwart, aus rund 35m ging knapp \u00fcber die Latte. Als Matti Dietzmann dann in der 68. Min. den verdienten 2:3 Anschlusstreffer erzielte, gab es nur noch eine Richtung. Der verdiente Lohn war der Treffer zum 3:3 Ausgleich durch Abdullahi Adesanya (78.) Dabei blieb es dann auch. Was f\u00fcr eine starke k\u00e4mpferische Leistung der Rot-Wei\u00dfen in so langer Unterzahl gegen so einen starken Gegner. Das gibt Hoffnung und der unerwartete Punkt kann noch wichtig werden. Am kommenden Sonntag, den 03.05.26 um 12.00 Uhr, muss man zum Tabellenletzten SV Windhagen II, wo ein Sieg Pflicht ist. Bei dem Druck wird das noch schwer genug, aber sollte man die gezeigte Leistung wiederholen, ist jetzt wieder alles drin.<\/p>\n","protected":false},"excerpt":{"rendered":"<p>Nach den schweren letzten Wochen, konnte man gegen den Tabellenzweiten Linz II ein verdientes 3:3 (1:2) erk\u00e4mpfen. In der Anfangsphase waren die G\u00e4ste die spielbestimmende Mannschaft, aber man sah auch, dass die Rot-Wei\u00dfen, was den Kampf- u. Einsatzbereitschaft anging, nicht so leicht zu bezwingen waren. Eine langgezogene Flanke von einem VfB Spieler (21.), lenkte FVE-Torwart &hellip; <\/p>\n<p class=\"link-more\"><a href=\"http:\/\/rotweiss-erpel.de\/wordpress\/2026\/04\/27\/i-spielt-33-unentschieden-gegen-den-vfb-linz-ii\/\" class=\"more-link\"><span class=\"screen-reader-text\">\u201eI. spielt 3:3 Unentschieden gegen  den VfB Linz II\u201c<\/span> weiterlesen<\/a><\/p>\n","protected":false},"author":1,"featured_media":0,"comment_status":"closed","ping_status":"closed","sticky":false,"template":"","format":"standard","meta":{"footnotes":""},"categories":[1],"tags":[],"class_list":["post-2708","post","type-post","status-publish","format-standard","hentry","category-allgemein"],"_links":{"self":[{"href":"http:\/\/rotweiss-erpel.de\/wordpress\/wp-json\/wp\/v2\/posts\/2708","targetHints":{"allow":["GET"]}}],"collection":[{"href":"http:\/\/rotweiss-erpel.de\/wordpress\/wp-json\/wp\/v2\/posts"}],"about":[{"href":"http:\/\/rotweiss-erpel.de\/wordpress\/wp-json\/wp\/v2\/types\/post"}],"author":[{"embeddable":true,"href":"http:\/\/rotweiss-erpel.de\/wordpress\/wp-json\/wp\/v2\/users\/1"}],"replies":[{"embeddable":true,"href":"http:\/\/rotweiss-erpel.de\/wordpress\/wp-json\/wp\/v2\/comments?post=2708"}],"version-history":[{"count":4,"href":"http:\/\/rotweiss-erpel.de\/wordpress\/wp-json\/wp\/v2\/posts\/2708\/revisions"}],"predecessor-version":[{"id":2714,"href":"http:\/\/rotweiss-erpel.de\/wordpress\/wp-json\/wp\/v2\/posts\/2708\/revisions\/2714"}],"wp:attachment":[{"href":"http:\/\/rotweiss-erpel.de\/wordpress\/wp-json\/wp\/v2\/media?parent=2708"}],"wp:term":[{"taxonomy":"category","embeddable":true,"href":"http:\/\/rotweiss-erpel.de\/wordpress\/wp-json\/wp\/v2\/categories?post=2708"},{"taxonomy":"post_tag","embeddable":true,"href":"http:\/\/rotweiss-erpel.de\/wordpress\/wp-json\/wp\/v2\/tags?post=2708"}],"curies":[{"name":"wp","href":"https:\/\/api.w.org\/{rel}","templated":true}]}}